{"id":4197,"date":"2026-03-27T16:37:38","date_gmt":"2026-03-27T15:37:38","guid":{"rendered":"https:\/\/winemission.hu\/?p=4197"},"modified":"2026-04-21T09:21:11","modified_gmt":"2026-04-21T08:21:11","slug":"az-il-colle-treviso-doc-bubi","status":"publish","type":"post","link":"https:\/\/winemission.hu\/?p=4197","title":{"rendered":"Az Il Colle Treviso DOC bubi"},"content":{"rendered":"\n<p>Sokszor k\u00e9rdezik mi is az&nbsp;<strong>Il Colle Prosecco<\/strong>..nos hagyjuk, hogy bemutatkozzon!<\/p>\n\n\n\n<ul class=\"wp-block-list\">\n<li>Gyerekk\u00e9nt Glera sz\u0151l\u0151 voltam, majd sok-sok gondoskod\u00e1s ut\u00e1n Prosecco lettem. Karrierem cs\u00facspontja, akkor kezd\u0151d\u00f6tt el amikor kiker\u00fcltem az Il Colle pinc\u00e9szet nagy kapuin. Most ropog\u00f3s \u00e9s kr\u00e9mes bubor\u00e9kokkal rendelkezem, gy\u00fcm\u00f6lcs\u00f6s, alm\u00e1s-k\u00f6rt\u00e9s arom\u00e1im vannak . Ny\u00e1ron felk\u00e9rnek egy\u00e9b szerepekre is, mint az Aperol Spritz egyik szerepl\u0151je.<\/li>\n<\/ul>\n\n\n\n<p>Ha minden igaz Te vagy a csapat egyik alap\u00edt\u00f3 tagja, mint Treviso DOC \u2013 A k\u00e9k c\u00edmk\u00e9s . Milyen kapcsolatban \u00e1llsz a t\u00f6bbiekkel?<\/p>\n\n\n\n<ul class=\"wp-block-list\">\n<li>Igaz, \u00e9n vagyok az egyik alapterm\u00e9k. Mind k\u00fcl\u00f6nb\u00f6z\u0151ek vagyunk. Nekem literenk\u00e9nt\u00a0<strong>10 \u2013 12 gramm cukortartalmam<\/strong>\u00a0van, van akinek ehhez k\u00e9pest kevesebb.<\/li>\n<\/ul>\n\n\n\n<p>A&nbsp;<strong>savtartalom<\/strong>&nbsp;sokak sz\u00e1m\u00e1ra fontos. Esetleg kifejten\u00e9d Kedves DOC mennyivel rendelkezel?<\/p>\n\n\n\n<ul class=\"wp-block-list\">\n<li>Ebben nem igaz\u00e1n k\u00fcl\u00f6nb\u00f6z\u00f6k a t\u00f6bbiekt\u0151l,\u00a0<strong>5,5-6,5 gramm<\/strong>\u00a0per liter szerintem igaz\u00e1n sz\u00e9p eredm\u00e9ny. Tudom az alkoholtartalmam is mindig k\u00e9rd\u00e9s ez\u00e9rt el\u00e1rulom azt is,\u00a0<strong>11% vol<\/strong>.<\/li>\n<\/ul>\n\n\n\n<p>K\u00fcls\u0151 megjelen\u00e9sed gy\u00f6ny\u00f6r\u0171, de mit rejt a felsz\u00edn?<\/p>\n\n\n\n<ul class=\"wp-block-list\">\n<li><strong>Szalmas\u00e1rga sz\u00edn\u0171<\/strong>\u00a0lelkemet, z\u00f6ldes \u00e1rnyalatokkal. Kiegyens\u00falyozott \u00edzvil\u00e1got, gy\u00fcm\u00f6lcs\u00f6s arom\u00e1kat.<\/li>\n<\/ul>\n\n\n\n<p>Nem szeretn\u00e9nk sok\u00e1ig f\u00e1rasztani, ez\u00e9rt m\u00e1r csak egy k\u00e9rd\u00e9s\u00fcnk van!<\/p>\n\n\n\n<ul class=\"wp-block-list\">\n<li>\u00d3, f\u00e1radtam \u00e9n eleget az Autokl\u00e1v tart\u00e1lyokban 30-40 napig, szab\u00e1lyozott h\u0151m\u00e9rs\u00e9kleten 15\u00b0C-on.<\/li>\n<\/ul>\n\n\n\n<p>Ny\u00e1ron nagyon felkapott vagy, de mi az a h\u0151m\u00e9rs\u00e9klet amit Te kedvelsz?<\/p>\n\n\n\n<ul class=\"wp-block-list\">\n<li><strong>6 \u2013 8 \u00b0C-ra<\/strong>\u00a0h\u0171tve \u00e9rzem magam a legjobban, ekkor tudom kiengedni legjobban az arom\u00e1imat!<\/li>\n<\/ul>\n\n\n\n<p>Rendben!K\u00f6sz\u00f6nj\u00fck sz\u00e9pen az interj\u00fat!<\/p>\n\n\n\n<p><\/p>\n","protected":false},"excerpt":{"rendered":"<p>Sokszor k\u00e9rdezik mi is az&nbsp;Il Colle Prosecco..nos hagyjuk, hogy bemutatkozzon! Ha minden igaz Te vagy a csapat egyik alap\u00edt\u00f3 tagja, mint Treviso DOC \u2013 A k\u00e9k c\u00edmk\u00e9s . Milyen kapcsolatban \u00e1llsz a t\u00f6bbiekkel? A&nbsp;savtartalom&nbsp;sokak sz\u00e1m\u00e1ra fontos. Esetleg kifejten\u00e9d Kedves DOC mennyivel rendelkezel? K\u00fcls\u0151 megjelen\u00e9sed gy\u00f6ny\u00f6r\u0171, de mit rejt a felsz\u00edn? Nem szeretn\u00e9nk sok\u00e1ig f\u00e1rasztani, ez\u00e9rt [&hellip;]<\/p>\n","protected":false},"author":2,"featured_media":4198,"comment_status":"closed","ping_status":"open","sticky":false,"template":"","format":"standard","meta":{"_jetpack_memberships_contains_paid_content":false,"footnotes":""},"categories":[461],"tags":[462],"class_list":["post-4197","post","type-post","status-publish","format-standard","has-post-thumbnail","hentry","category-hirek","tag-web2"],"yoast_head":"<!-- This site is optimized with the Yoast SEO Premium plugin v27.3 (Yoast SEO v27.4) - https:\/\/yoast.com\/product\/yoast-seo-premium-wordpress\/ -->\n<title>Az Il Colle Treviso DOC bubi - Winemission<\/title>\n<meta name=\"description\" content=\"Sokszor k\u00e9rdezik mi is az&nbsp;Il Colle Prosecco..nos hagyjuk, hogy bemutatkozzon! Gyerekk\u00e9nt Glera sz\u0151l\u0151 voltam, majd sok-sok gondoskod\u00e1s ut\u00e1n Prosecco\" \/>\n<meta name=\"robots\" content=\"index, follow, max-snippet:-1, max-image-preview:large, max-video-preview:-1\" \/>\n<link rel=\"canonical\" href=\"https:\/\/winemission.hu\/?p=4197\" \/>\n<meta property=\"og:locale\" content=\"hu_HU\" \/>\n<meta property=\"og:type\" content=\"article\" \/>\n<meta property=\"og:title\" content=\"Az Il Colle Treviso DOC bubi\" \/>\n<meta property=\"og:description\" content=\"Sokszor k\u00e9rdezik mi is az&nbsp;Il Colle Prosecco..nos hagyjuk, hogy bemutatkozzon! Gyerekk\u00e9nt Glera sz\u0151l\u0151 voltam, majd sok-sok gondoskod\u00e1s ut\u00e1n Prosecco\" \/>\n<meta property=\"og:url\" content=\"https:\/\/winemission.hu\/?p=4197\" \/>\n<meta property=\"og:site_name\" content=\"Winemission\" \/>\n<meta property=\"article:publisher\" content=\"https:\/\/www.facebook.com\/winemission\" \/>\n<meta property=\"article:published_time\" content=\"2026-03-27T15:37:38+00:00\" \/>\n<meta property=\"article:modified_time\" content=\"2026-04-21T08:21:11+00:00\" \/>\n<meta property=\"og:image\" content=\"https:\/\/winemission.hu\/wp-content\/uploads\/2026\/03\/beach-1867271_1920_800x800-1080x675-1.jpg\" \/>\n\t<meta property=\"og:image:width\" content=\"1080\" \/>\n\t<meta property=\"og:image:height\" content=\"675\" \/>\n\t<meta property=\"og:image:type\" content=\"image\/jpeg\" \/>\n<meta name=\"author\" content=\"Martin Bardon\" \/>\n<meta name=\"twitter:card\" content=\"summary_large_image\" \/>\n<meta name=\"twitter:label1\" content=\"Szerz\u0151:\" \/>\n\t<meta name=\"twitter:data1\" content=\"Martin Bardon\" \/>\n\t<meta name=\"twitter:label2\" content=\"Becs\u00fclt olvas\u00e1si id\u0151\" \/>\n\t<meta name=\"twitter:data2\" content=\"2 perc\" \/>\n<script type=\"application\/ld+json\" class=\"yoast-schema-graph\">{\"@context\":\"https:\\\/\\\/schema.org\",\"@graph\":[{\"@type\":\"Article\",\"@id\":\"https:\\\/\\\/winemission.hu\\\/?p=4197#article\",\"isPartOf\":{\"@id\":\"https:\\\/\\\/winemission.hu\\\/?p=4197\"},\"author\":{\"name\":\"Martin Bardon\",\"@id\":\"https:\\\/\\\/winemission.hu\\\/#\\\/schema\\\/person\\\/11d43545a2b0c9dd299ff6bd27fcd614\"},\"headline\":\"Az Il Colle Treviso DOC bubi\",\"datePublished\":\"2026-03-27T15:37:38+00:00\",\"dateModified\":\"2026-04-21T08:21:11+00:00\",\"mainEntityOfPage\":{\"@id\":\"https:\\\/\\\/winemission.hu\\\/?p=4197\"},\"wordCount\":301,\"publisher\":{\"@id\":\"https:\\\/\\\/winemission.hu\\\/#organization\"},\"image\":{\"@id\":\"https:\\\/\\\/winemission.hu\\\/?p=4197#primaryimage\"},\"thumbnailUrl\":\"https:\\\/\\\/winemission.hu\\\/wp-content\\\/uploads\\\/2026\\\/03\\\/beach-1867271_1920_800x800-1080x675-1.jpg\",\"keywords\":[\"web2\"],\"articleSection\":[\"H\u00edrek\"],\"inLanguage\":\"hu\"},{\"@type\":\"WebPage\",\"@id\":\"https:\\\/\\\/winemission.hu\\\/?p=4197\",\"url\":\"https:\\\/\\\/winemission.hu\\\/?p=4197\",\"name\":\"Az Il Colle Treviso DOC bubi - Winemission\",\"isPartOf\":{\"@id\":\"https:\\\/\\\/winemission.hu\\\/#website\"},\"primaryImageOfPage\":{\"@id\":\"https:\\\/\\\/winemission.hu\\\/?p=4197#primaryimage\"},\"image\":{\"@id\":\"https:\\\/\\\/winemission.hu\\\/?p=4197#primaryimage\"},\"thumbnailUrl\":\"https:\\\/\\\/winemission.hu\\\/wp-content\\\/uploads\\\/2026\\\/03\\\/beach-1867271_1920_800x800-1080x675-1.jpg\",\"datePublished\":\"2026-03-27T15:37:38+00:00\",\"dateModified\":\"2026-04-21T08:21:11+00:00\",\"description\":\"Sokszor k\u00e9rdezik mi is az&nbsp;Il Colle Prosecco..nos hagyjuk, hogy bemutatkozzon! Gyerekk\u00e9nt Glera sz\u0151l\u0151 voltam, majd sok-sok gondoskod\u00e1s ut\u00e1n Prosecco\",\"breadcrumb\":{\"@id\":\"https:\\\/\\\/winemission.hu\\\/?p=4197#breadcrumb\"},\"inLanguage\":\"hu\",\"potentialAction\":[{\"@type\":\"ReadAction\",\"target\":[\"https:\\\/\\\/winemission.hu\\\/?p=4197\"]}]},{\"@type\":\"ImageObject\",\"inLanguage\":\"hu\",\"@id\":\"https:\\\/\\\/winemission.hu\\\/?p=4197#primaryimage\",\"url\":\"https:\\\/\\\/winemission.hu\\\/wp-content\\\/uploads\\\/2026\\\/03\\\/beach-1867271_1920_800x800-1080x675-1.jpg\",\"contentUrl\":\"https:\\\/\\\/winemission.hu\\\/wp-content\\\/uploads\\\/2026\\\/03\\\/beach-1867271_1920_800x800-1080x675-1.jpg\",\"width\":1080,\"height\":675},{\"@type\":\"BreadcrumbList\",\"@id\":\"https:\\\/\\\/winemission.hu\\\/?p=4197#breadcrumb\",\"itemListElement\":[{\"@type\":\"ListItem\",\"position\":1,\"name\":\"Kezd\u0151lap\",\"item\":\"https:\\\/\\\/winemission.hu\\\/\"},{\"@type\":\"ListItem\",\"position\":2,\"name\":\"Az Il Colle Treviso DOC bubi\"}]},{\"@type\":\"WebSite\",\"@id\":\"https:\\\/\\\/winemission.hu\\\/#website\",\"url\":\"https:\\\/\\\/winemission.hu\\\/\",\"name\":\"Winemission\",\"description\":\"Bor \u00e9s prosecco.\",\"publisher\":{\"@id\":\"https:\\\/\\\/winemission.hu\\\/#organization\"},\"alternateName\":\"winemission\",\"potentialAction\":[{\"@type\":\"SearchAction\",\"target\":{\"@type\":\"EntryPoint\",\"urlTemplate\":\"https:\\\/\\\/winemission.hu\\\/?s={search_term_string}\"},\"query-input\":{\"@type\":\"PropertyValueSpecification\",\"valueRequired\":true,\"valueName\":\"search_term_string\"}}],\"inLanguage\":\"hu\"},{\"@type\":\"Organization\",\"@id\":\"https:\\\/\\\/winemission.hu\\\/#organization\",\"name\":\"Winemission\",\"alternateName\":\"winemission\",\"url\":\"https:\\\/\\\/winemission.hu\\\/\",\"logo\":{\"@type\":\"ImageObject\",\"inLanguage\":\"hu\",\"@id\":\"https:\\\/\\\/winemission.hu\\\/#\\\/schema\\\/logo\\\/image\\\/\",\"url\":\"https:\\\/\\\/winemission.hu\\\/wp-content\\\/uploads\\\/2026\\\/02\\\/cropped-logo-wm-wihte.png\",\"contentUrl\":\"https:\\\/\\\/winemission.hu\\\/wp-content\\\/uploads\\\/2026\\\/02\\\/cropped-logo-wm-wihte.png\",\"width\":1000,\"height\":500,\"caption\":\"Winemission\"},\"image\":{\"@id\":\"https:\\\/\\\/winemission.hu\\\/#\\\/schema\\\/logo\\\/image\\\/\"},\"sameAs\":[\"https:\\\/\\\/www.facebook.com\\\/winemission\",\"https:\\\/\\\/www.instagram.com\\\/wine_mission_hungary\\\/\",\"https:\\\/\\\/share.google\\\/Zdes6LbYZOfgRQ8zX\"],\"description\":\"A Wine Mission Kft. min\u0151s\u00e9gi borok \u00e9s prosecc\u00f3k kis- \u00e9s nagykereskedelm\u00e9vel foglalkozik. Hazai k\u00e9zm\u0171ves \u00e9s pr\u00e9mium bor\u00e1szatok mellett olyan k\u00fcl\u00f6nleges, kiv\u00e1l\u00f3 \u00e1r-\u00e9rt\u00e9k ar\u00e1ny\u00fa francia, olasz \u00e9s spanyol borokat (mint p\u00e9ld\u00e1ul a neves olasz IL COLLE csal\u00e1di pinc\u00e9szet term\u00e9keit) is k\u00e9pvisel\u00fcnk \u00e9s forgalmazunk Magyarorsz\u00e1gon, amelyek igazi gy\u00f6ngyszemek az eur\u00f3pai borvil\u00e1gban.\",\"email\":\"info@winemission.hu\",\"telephone\":\"+36 30 300 3865\",\"legalName\":\"Wine Mission Kft\",\"numberOfEmployees\":{\"@type\":\"QuantitativeValue\",\"minValue\":\"1\",\"maxValue\":\"10\"}},{\"@type\":\"Person\",\"@id\":\"https:\\\/\\\/winemission.hu\\\/#\\\/schema\\\/person\\\/11d43545a2b0c9dd299ff6bd27fcd614\",\"name\":\"Martin Bardon\",\"image\":{\"@type\":\"ImageObject\",\"inLanguage\":\"hu\",\"@id\":\"https:\\\/\\\/secure.gravatar.com\\\/avatar\\\/d42ba80da4980b3fa1a5ac530d3d9300c3e4c51eca110e1859935cc6518a8b64?s=96&d=mm&r=g\",\"url\":\"https:\\\/\\\/secure.gravatar.com\\\/avatar\\\/d42ba80da4980b3fa1a5ac530d3d9300c3e4c51eca110e1859935cc6518a8b64?s=96&d=mm&r=g\",\"contentUrl\":\"https:\\\/\\\/secure.gravatar.com\\\/avatar\\\/d42ba80da4980b3fa1a5ac530d3d9300c3e4c51eca110e1859935cc6518a8b64?s=96&d=mm&r=g\",\"caption\":\"Martin Bardon\"},\"url\":\"https:\\\/\\\/winemission.hu\\\/?author=2\"}]}<\/script>\n<!-- \/ Yoast SEO Premium plugin. -->","yoast_head_json":{"title":"Az Il Colle Treviso DOC bubi - Winemission","description":"Sokszor k\u00e9rdezik mi is az&nbsp;Il Colle Prosecco..nos hagyjuk, hogy bemutatkozzon! Gyerekk\u00e9nt Glera sz\u0151l\u0151 voltam, majd sok-sok gondoskod\u00e1s ut\u00e1n Prosecco","robots":{"index":"index","follow":"follow","max-snippet":"max-snippet:-1","max-image-preview":"max-image-preview:large","max-video-preview":"max-video-preview:-1"},"canonical":"https:\/\/winemission.hu\/?p=4197","og_locale":"hu_HU","og_type":"article","og_title":"Az Il Colle Treviso DOC bubi","og_description":"Sokszor k\u00e9rdezik mi is az&nbsp;Il Colle Prosecco..nos hagyjuk, hogy bemutatkozzon! Gyerekk\u00e9nt Glera sz\u0151l\u0151 voltam, majd sok-sok gondoskod\u00e1s ut\u00e1n Prosecco","og_url":"https:\/\/winemission.hu\/?p=4197","og_site_name":"Winemission","article_publisher":"https:\/\/www.facebook.com\/winemission","article_published_time":"2026-03-27T15:37:38+00:00","article_modified_time":"2026-04-21T08:21:11+00:00","og_image":[{"width":1080,"height":675,"url":"https:\/\/winemission.hu\/wp-content\/uploads\/2026\/03\/beach-1867271_1920_800x800-1080x675-1.jpg","type":"image\/jpeg"}],"author":"Martin Bardon","twitter_card":"summary_large_image","twitter_misc":{"Szerz\u0151:":"Martin Bardon","Becs\u00fclt olvas\u00e1si id\u0151":"2 perc"},"schema":{"@context":"https:\/\/schema.org","@graph":[{"@type":"Article","@id":"https:\/\/winemission.hu\/?p=4197#article","isPartOf":{"@id":"https:\/\/winemission.hu\/?p=4197"},"author":{"name":"Martin Bardon","@id":"https:\/\/winemission.hu\/#\/schema\/person\/11d43545a2b0c9dd299ff6bd27fcd614"},"headline":"Az Il Colle Treviso DOC bubi","datePublished":"2026-03-27T15:37:38+00:00","dateModified":"2026-04-21T08:21:11+00:00","mainEntityOfPage":{"@id":"https:\/\/winemission.hu\/?p=4197"},"wordCount":301,"publisher":{"@id":"https:\/\/winemission.hu\/#organization"},"image":{"@id":"https:\/\/winemission.hu\/?p=4197#primaryimage"},"thumbnailUrl":"https:\/\/winemission.hu\/wp-content\/uploads\/2026\/03\/beach-1867271_1920_800x800-1080x675-1.jpg","keywords":["web2"],"articleSection":["H\u00edrek"],"inLanguage":"hu"},{"@type":"WebPage","@id":"https:\/\/winemission.hu\/?p=4197","url":"https:\/\/winemission.hu\/?p=4197","name":"Az Il Colle Treviso DOC bubi - Winemission","isPartOf":{"@id":"https:\/\/winemission.hu\/#website"},"primaryImageOfPage":{"@id":"https:\/\/winemission.hu\/?p=4197#primaryimage"},"image":{"@id":"https:\/\/winemission.hu\/?p=4197#primaryimage"},"thumbnailUrl":"https:\/\/winemission.hu\/wp-content\/uploads\/2026\/03\/beach-1867271_1920_800x800-1080x675-1.jpg","datePublished":"2026-03-27T15:37:38+00:00","dateModified":"2026-04-21T08:21:11+00:00","description":"Sokszor k\u00e9rdezik mi is az&nbsp;Il Colle Prosecco..nos hagyjuk, hogy bemutatkozzon! Gyerekk\u00e9nt Glera sz\u0151l\u0151 voltam, majd sok-sok gondoskod\u00e1s ut\u00e1n Prosecco","breadcrumb":{"@id":"https:\/\/winemission.hu\/?p=4197#breadcrumb"},"inLanguage":"hu","potentialAction":[{"@type":"ReadAction","target":["https:\/\/winemission.hu\/?p=4197"]}]},{"@type":"ImageObject","inLanguage":"hu","@id":"https:\/\/winemission.hu\/?p=4197#primaryimage","url":"https:\/\/winemission.hu\/wp-content\/uploads\/2026\/03\/beach-1867271_1920_800x800-1080x675-1.jpg","contentUrl":"https:\/\/winemission.hu\/wp-content\/uploads\/2026\/03\/beach-1867271_1920_800x800-1080x675-1.jpg","width":1080,"height":675},{"@type":"BreadcrumbList","@id":"https:\/\/winemission.hu\/?p=4197#breadcrumb","itemListElement":[{"@type":"ListItem","position":1,"name":"Kezd\u0151lap","item":"https:\/\/winemission.hu\/"},{"@type":"ListItem","position":2,"name":"Az Il Colle Treviso DOC bubi"}]},{"@type":"WebSite","@id":"https:\/\/winemission.hu\/#website","url":"https:\/\/winemission.hu\/","name":"Winemission","description":"Bor \u00e9s prosecco.","publisher":{"@id":"https:\/\/winemission.hu\/#organization"},"alternateName":"winemission","potentialAction":[{"@type":"SearchAction","target":{"@type":"EntryPoint","urlTemplate":"https:\/\/winemission.hu\/?s={search_term_string}"},"query-input":{"@type":"PropertyValueSpecification","valueRequired":true,"valueName":"search_term_string"}}],"inLanguage":"hu"},{"@type":"Organization","@id":"https:\/\/winemission.hu\/#organization","name":"Winemission","alternateName":"winemission","url":"https:\/\/winemission.hu\/","logo":{"@type":"ImageObject","inLanguage":"hu","@id":"https:\/\/winemission.hu\/#\/schema\/logo\/image\/","url":"https:\/\/winemission.hu\/wp-content\/uploads\/2026\/02\/cropped-logo-wm-wihte.png","contentUrl":"https:\/\/winemission.hu\/wp-content\/uploads\/2026\/02\/cropped-logo-wm-wihte.png","width":1000,"height":500,"caption":"Winemission"},"image":{"@id":"https:\/\/winemission.hu\/#\/schema\/logo\/image\/"},"sameAs":["https:\/\/www.facebook.com\/winemission","https:\/\/www.instagram.com\/wine_mission_hungary\/","https:\/\/share.google\/Zdes6LbYZOfgRQ8zX"],"description":"A Wine Mission Kft. min\u0151s\u00e9gi borok \u00e9s prosecc\u00f3k kis- \u00e9s nagykereskedelm\u00e9vel foglalkozik. Hazai k\u00e9zm\u0171ves \u00e9s pr\u00e9mium bor\u00e1szatok mellett olyan k\u00fcl\u00f6nleges, kiv\u00e1l\u00f3 \u00e1r-\u00e9rt\u00e9k ar\u00e1ny\u00fa francia, olasz \u00e9s spanyol borokat (mint p\u00e9ld\u00e1ul a neves olasz IL COLLE csal\u00e1di pinc\u00e9szet term\u00e9keit) is k\u00e9pvisel\u00fcnk \u00e9s forgalmazunk Magyarorsz\u00e1gon, amelyek igazi gy\u00f6ngyszemek az eur\u00f3pai borvil\u00e1gban.","email":"info@winemission.hu","telephone":"+36 30 300 3865","legalName":"Wine Mission Kft","numberOfEmployees":{"@type":"QuantitativeValue","minValue":"1","maxValue":"10"}},{"@type":"Person","@id":"https:\/\/winemission.hu\/#\/schema\/person\/11d43545a2b0c9dd299ff6bd27fcd614","name":"Martin Bardon","image":{"@type":"ImageObject","inLanguage":"hu","@id":"https:\/\/secure.gravatar.com\/avatar\/d42ba80da4980b3fa1a5ac530d3d9300c3e4c51eca110e1859935cc6518a8b64?s=96&d=mm&r=g","url":"https:\/\/secure.gravatar.com\/avatar\/d42ba80da4980b3fa1a5ac530d3d9300c3e4c51eca110e1859935cc6518a8b64?s=96&d=mm&r=g","contentUrl":"https:\/\/secure.gravatar.com\/avatar\/d42ba80da4980b3fa1a5ac530d3d9300c3e4c51eca110e1859935cc6518a8b64?s=96&d=mm&r=g","caption":"Martin Bardon"},"url":"https:\/\/winemission.hu\/?author=2"}]}},"jetpack_featured_media_url":"https:\/\/winemission.hu\/wp-content\/uploads\/2026\/03\/beach-1867271_1920_800x800-1080x675-1.jpg","jetpack_sharing_enabled":true,"_links":{"self":[{"href":"https:\/\/winemission.hu\/index.php?rest_route=\/wp\/v2\/posts\/4197","targetHints":{"allow":["GET"]}}],"collection":[{"href":"https:\/\/winemission.hu\/index.php?rest_route=\/wp\/v2\/posts"}],"about":[{"href":"https:\/\/winemission.hu\/index.php?rest_route=\/wp\/v2\/types\/post"}],"author":[{"embeddable":true,"href":"https:\/\/winemission.hu\/index.php?rest_route=\/wp\/v2\/users\/2"}],"replies":[{"embeddable":true,"href":"https:\/\/winemission.hu\/index.php?rest_route=%2Fwp%2Fv2%2Fcomments&post=4197"}],"version-history":[{"count":1,"href":"https:\/\/winemission.hu\/index.php?rest_route=\/wp\/v2\/posts\/4197\/revisions"}],"predecessor-version":[{"id":4199,"href":"https:\/\/winemission.hu\/index.php?rest_route=\/wp\/v2\/posts\/4197\/revisions\/4199"}],"wp:featuredmedia":[{"embeddable":true,"href":"https:\/\/winemission.hu\/index.php?rest_route=\/wp\/v2\/media\/4198"}],"wp:attachment":[{"href":"https:\/\/winemission.hu\/index.php?rest_route=%2Fwp%2Fv2%2Fmedia&parent=4197"}],"wp:term":[{"taxonomy":"category","embeddable":true,"href":"https:\/\/winemission.hu\/index.php?rest_route=%2Fwp%2Fv2%2Fcategories&post=4197"},{"taxonomy":"post_tag","embeddable":true,"href":"https:\/\/winemission.hu\/index.php?rest_route=%2Fwp%2Fv2%2Ftags&post=4197"}],"curies":[{"name":"wp","href":"https:\/\/api.w.org\/{rel}","templated":true}]}}